{"id":8360,"date":"2015-09-05T22:43:12","date_gmt":"2015-09-05T22:43:12","guid":{"rendered":"https:\/\/a60047bb09.nxcli.io\/?p=8360"},"modified":"2015-09-05T22:43:12","modified_gmt":"2015-09-05T22:43:12","slug":"trabajar-hasta-los-80","status":"publish","type":"post","link":"http:\/\/inestemple.com\/es\/2015\/09\/trabajar-hasta-los-80\/","title":{"rendered":"Trabajar hasta los 80"},"content":{"rendered":"<p><strong>Publicado el 05&nbsp;de Setiembre&nbsp;2015 en Aptitus.<\/strong><\/p>\n<p>Ya s\u00e9, trabajar hasta los 80 le suena a herej\u00eda. Y lo entiendo. \u00bfQui\u00e9n quiere pensar en trabajar hasta tan avanzada edad? \u00bfPensar en trabajar cuando deber\u00edamos estar felizmente jubilados jugando con nuestros nietos y viajando por el mundo? D\u00e9jeme explicarle.<\/p>\n<p>Todos (a menos que nos arrolle un tren o enfrentemos una enfermedad catastr\u00f3fica) vamos a vivir hasta bien entrados los 90 y muchos sobre los 100. Eso lo dicen los expertos, pese a que a muchos no les gusta ni pensar en esa posibilidad.<\/p>\n<p>Hace a\u00f1os, escrib\u00ed un art\u00edculo sobre el tema (se llam\u00f3 &#8220;Vivir hasta los 94&#8221;) y debo admitir que recib\u00ed muchos comentarios de gente que me dec\u00eda: &#8220;Ni pensarlo, no quiero vivir tanto&#8221;, &#8220;no quiero ser una carga para mi familia&#8221;, &#8220;\u00bfpor qu\u00e9 escribes sobre cosas as\u00ed, me pones muy nerviosa, no puedo ni pensar en d\u00f3nde estar\u00e9 el pr\u00f3ximo a\u00f1o&#8221;,entre otros. Y eso que el art\u00edculo hablaba de las muchas maneras que existen para prepararnos desde hoy para una \u00e9poca que puede ser muy activa, \u00fatil y grata, si ha sido bien planificada y organizada.<\/p>\n<p>En el texto, propon\u00eda empezar a cuidarnos para llegar en el mejor estado posible a esos a\u00f1os, idealmente muy lucidos, sanos y contentos, alejando as\u00ed el fantasma de una vejez dependiente, enferma o, peor a\u00fan, decadente, desvalida o abandonada.<\/p>\n<p>La idea de trabajar hasta avanzada edad no es descabellada: trabajar es la mejor manera de estar activos, productivos, \u00fatiles y motivados. Con adrenalina, retos, logros y poder (para hacer cosas). Y, sobre todo, usando nuestras neuronas, que tanto necesitan uso a esas edades para mantenerse activas y bien in-terconectadas.<\/p>\n<p>El trabajo nos da no solo ingresos, sino sentido de pertenencia, identidad y, sobre todo, nos mantiene vigentes, flexibles y activos. Los adultos acostumbrados a tener logros y generar resultados sufren mucho con jubilaciones no activas. Estar en casa todo el d\u00eda, donde uno pasa de ser el proveedor ausente a ser la molestia siempre presente, se convierte en una pesadilla (y para toda la familia) que muchas veces lleva al reci\u00e9n jubilado a la desilusi\u00f3n, abulia y depresi\u00f3n, una vez pasada la euforia de la libertad de las primeras semanas o pocos meses. El no trabajar le quita lo divertido al fin de semana, dice un amigo nuestro.<\/p>\n<p>No tener qu\u00e9 hacer, no tener un rol, no tener satisfacciones profesionales o intelectuales se vuelve muy agobiante para quienes, por a\u00f1os, salieron temprano de casa a conquistar el mundo, producir, superar retos y lograr resultados. Claramente, trabajar como dependientes en empresas u organizaciones atascadas en paradigmas de jubilar a la gente a los 65 \u00f3 70 a\u00f1os no es una opci\u00f3n, aunque pocos grupos son tan productivos, maduros, leales y motivados como los ejecutivos mayores contentos en sus posiciones. Y eso lo digo por experiencia propia, trabajando diariamente con quienes &#8220;pese&#8221; a sus edades, logran cada a\u00f1o mejores resultados.<\/p>\n<p>\u00bfQu\u00e9 recomendamos en nuestros programas de Jubilaci\u00f3n Activa? Planear con tiempo esta etapa desde perspectivas claves, como salud, vivienda, relaciones, tiempo, finanzas, roles, uso del tiempo y, sobre todo, trabajo. Pero \u00bfen qu\u00e9? Hay muchas posibilidades, dependiendo del nivel y el prestigio que alcanzamos en la vida laboral. Y van desde negocios propios, ense\u00f1ando, directorios, voluntariado, consultor\u00edas rentadas o pro bono, apoyo a organizaciones sin fines de lucro, temas vecinales, etc\u00e9tera.<\/p>\n<p>Por eso, es imperativo hacer con tiempo, idealmente antes de los 60 a\u00f1os, un plan de acci\u00f3n basado en el autoan\u00e1lisis y expectativas personales. Son muchos a\u00f1os por delante para dejarlos al destino&#8230;<\/p>","protected":false},"excerpt":{"rendered":"<p>Publicado el 05&nbsp;de Setiembre&nbsp;2015 en Aptitus. Ya s\u00e9, trabajar hasta los 80 le suena a herej\u00eda. [&hellip;]<\/p>","protected":false},"author":10,"featured_media":14369,"comment_status":"closed","ping_status":"open","sticky":false,"template":"","format":"standard","meta":{"footnotes":""},"categories":[4],"tags":[5,53,34,56],"media":[],"class_list":["post-8360","post","type-post","status-publish","format-standard","has-post-thumbnail","hentry","category-articulos","tag-administracion-de-carrera","tag-jubilacion","tag-outplacement","tag-salario-emocional"],"acf":[],"_links":{"self":[{"href":"http:\/\/inestemple.com\/es\/wp-json\/wp\/v2\/posts\/8360","targetHints":{"allow":["GET"]}}],"collection":[{"href":"http:\/\/inestemple.com\/es\/wp-json\/wp\/v2\/posts"}],"about":[{"href":"http:\/\/inestemple.com\/es\/wp-json\/wp\/v2\/types\/post"}],"author":[{"embeddable":true,"href":"http:\/\/inestemple.com\/es\/wp-json\/wp\/v2\/users\/10"}],"replies":[{"embeddable":true,"href":"http:\/\/inestemple.com\/es\/wp-json\/wp\/v2\/comments?post=8360"}],"version-history":[{"count":0,"href":"http:\/\/inestemple.com\/es\/wp-json\/wp\/v2\/posts\/8360\/revisions"}],"wp:featuredmedia":[{"embeddable":true,"href":"http:\/\/inestemple.com\/es\/wp-json\/wp\/v2\/media\/14369"}],"wp:attachment":[{"href":"http:\/\/inestemple.com\/es\/wp-json\/wp\/v2\/media?parent=8360"}],"wp:term":[{"taxonomy":"category","embeddable":true,"href":"http:\/\/inestemple.com\/es\/wp-json\/wp\/v2\/categories?post=8360"},{"taxonomy":"post_tag","embeddable":true,"href":"http:\/\/inestemple.com\/es\/wp-json\/wp\/v2\/tags?post=8360"},{"taxonomy":"media","embeddable":true,"href":"http:\/\/inestemple.com\/es\/wp-json\/wp\/v2\/media?post=8360"}],"curies":[{"name":"wp","href":"https:\/\/api.w.org\/{rel}","templated":true}]}}