{"id":14849,"date":"2019-10-13T10:55:36","date_gmt":"2019-10-13T15:55:36","guid":{"rendered":"https:\/\/a60047bb09.nxcli.io\/?p=14849"},"modified":"2019-10-13T10:55:36","modified_gmt":"2019-10-13T15:55:36","slug":"tantas-faltas-de-respeto","status":"publish","type":"post","link":"https:\/\/inestemple.com\/en\/2019\/10\/tantas-faltas-de-respeto\/","title":{"rendered":"Tantas faltas de respeto"},"content":{"rendered":"<p><strong>Publicado en el diario <em>El Comercio<\/em> (Per\u00fa), el 13\/10\/2019<\/strong><\/p>\n<p><img loading=\"lazy\" decoding=\"async\" class=\"aligncenter size-full wp-image-14850\" src=\"https:\/\/InesTemple.com\/wp-content\/uploads\/2019\/10\/2019-10-1300100100802400054-1-1.jpg\" alt=\"\" width=\"3389\" height=\"1524\"><\/p>\n<p>As\u00ed directo y sin rodeos: He aprendido que pocas cosas son m\u00e1s importantes en la vida como el respeto por el otro. Y respeto dado a todos por igual, en toda circunstancia y lugar, sin distingos de ning\u00fan tipo, sin excusas ni excepciones.<\/p>\n<p>En el mundo del trabajo, donde pasamos tanto de nuestro tiempo y donde nuestra identidad y autoestima est\u00e1n tan comprometidas cada d\u00eda, el respeto lo es todo. All\u00ed somos especialmente susceptibles a lo que podemos asumir como faltas de respeto, discriminaci\u00f3n, humillaciones o, por el contrario, el reconocimiento, la valoraci\u00f3n y la consideraci\u00f3n a nuestra val\u00eda y dignidad.<\/p>\n<p>En nuestro trabajo como consultores con organizaciones de toda clase y tama\u00f1o, podemos dar fe de las muchas actitudes, conductas y comportamientos de los colaboradores que muestran si sus l\u00edderes fomentan verdaderamente una cultura de respeto.&nbsp; Y el liderazgo enfocado en respeto, que empiezan con el ejemplo del l\u00edder, se traducen en una cultura de respeto a las personas de todo nivel, edad, genero, capacidad o jerarqu\u00eda. A los mayores, a los m\u00e1s j\u00f3venes, a los m\u00e1s antiguas, los m\u00e1s nuevos o los m\u00e1s sencillos. A los que piensan diferente o aportan distinto valor. &nbsp;A todos.<\/p>\n<p>Las faltas de respecto en el trabajo tienen m\u00faltiples manifestaciones evidentes y otras que no lo son tanto y van desde asumir que los dem\u00e1s no tienen memoria y les dicen cosas diferentes cada vez; o les incumplen las promesas hechas o los compromisos asumidos. Tambi\u00e9n es muy irrespetuoso asumir que los dem\u00e1s somos incapaces de pensar por cuenta propia. Otros supervisan tan de cerca que no dejan a nadie actuar por si mismos, juzgando, criticando hasta avasallar sus ideas por completo, \u00a1y a veces, hasta en publico!<\/p>\n<p>Nada peor que re\u00edrse de los dem\u00e1s o excusarse de hacerlo para \u201cdivertir\u201d a la audiencia del momento, o involucrarse en chismes o habladur\u00edas sobre la vida privada de los dem\u00e1s, sin detenerse a pensar en los efectos perniciosos de esas conductas.<\/p>\n<p>Hay organizaciones donde equivocadamente algunos comentan sobre cambios que involucran las carreras de otros sin que estos lo sepan primero, o que catalogan a grupos de trabajadores con sobrenombres irrespetuosos que los hacen sentir indeseados cuanto menos. Otras, donde las diferencias en la calidad de las instalaciones entre los distintos niveles jer\u00e1rquicos son tan grandes que no se puede sino dudar si en realidad valoran a todos.<\/p>\n<p>&nbsp;<\/p>\n<p>Falta de respeto es tambi\u00e9n por ejemplo no tomar en cuenta las diferencias generacionales y c\u00f3mo \u00e9stas impactan los deferentes esquemas mentales. Hacer un genuino esfuerzo por comprender los paradigmas ajenos y los diferentes marcos referenciales es parte de una cultura de respeto que favorece la interacci\u00f3n promoviendo la diversidad de pensamiento y perspectiva.<\/p>\n<p>El respeto para tratar a todos por igual, con sencillez y amabilidad es lo que define a los grandes&nbsp;l\u00edderes y a sus culturas. Y \u00e9stas atraen y retienen a los talentos y mantienen a todos comprometidos, productivos y muy enganchados. Y, sobre todo, contentos y con deseos de dar lo mejor de s\u00ed mismos.<\/p>\n<p><a href=\"https:\/\/InesTemple.com\/wp-content\/uploads\/2019\/10\/2019-10-1300100100802400054-1-1.jpg\" target=\"_blank\" rel=\"noopener\">Ver art\u00edculo<\/a><\/p>\n","protected":false},"excerpt":{"rendered":"<p>El respeto para tratar a todos por igual, con sencillez y amabilidad es lo que define a los grandes\u00a0l\u00edderes y a sus culturas.<\/p>\n","protected":false},"author":10,"featured_media":14851,"comment_status":"closed","ping_status":"open","sticky":false,"template":"","format":"standard","meta":{"footnotes":""},"categories":[4],"tags":[181],"media":[],"class_list":["post-14849","post","type-post","status-publish","format-standard","has-post-thumbnail","hentry","category-articulos","tag-desarrollo-de-talento"],"acf":[],"_links":{"self":[{"href":"https:\/\/inestemple.com\/en\/wp-json\/wp\/v2\/posts\/14849","targetHints":{"allow":["GET"]}}],"collection":[{"href":"https:\/\/inestemple.com\/en\/wp-json\/wp\/v2\/posts"}],"about":[{"href":"https:\/\/inestemple.com\/en\/wp-json\/wp\/v2\/types\/post"}],"author":[{"embeddable":true,"href":"https:\/\/inestemple.com\/en\/wp-json\/wp\/v2\/users\/10"}],"replies":[{"embeddable":true,"href":"https:\/\/inestemple.com\/en\/wp-json\/wp\/v2\/comments?post=14849"}],"version-history":[{"count":0,"href":"https:\/\/inestemple.com\/en\/wp-json\/wp\/v2\/posts\/14849\/revisions"}],"wp:featuredmedia":[{"embeddable":true,"href":"https:\/\/inestemple.com\/en\/wp-json\/wp\/v2\/media\/14851"}],"wp:attachment":[{"href":"https:\/\/inestemple.com\/en\/wp-json\/wp\/v2\/media?parent=14849"}],"wp:term":[{"taxonomy":"category","embeddable":true,"href":"https:\/\/inestemple.com\/en\/wp-json\/wp\/v2\/categories?post=14849"},{"taxonomy":"post_tag","embeddable":true,"href":"https:\/\/inestemple.com\/en\/wp-json\/wp\/v2\/tags?post=14849"},{"taxonomy":"media","embeddable":true,"href":"https:\/\/inestemple.com\/en\/wp-json\/wp\/v2\/media?post=14849"}],"curies":[{"name":"wp","href":"https:\/\/api.w.org\/{rel}","templated":true}]}}